{"id":4712,"date":"2026-09-02T08:34:49","date_gmt":"2026-09-02T07:34:49","guid":{"rendered":"https:\/\/duprecna.com\/?p=4712"},"modified":"2026-09-02T12:29:19","modified_gmt":"2026-09-02T11:29:19","slug":"septembrski-drustveni-pohod-2","status":"publish","type":"post","link":"https:\/\/duprecna.com\/?p=4712","title":{"rendered":"Stra\u0161ka jesen 2026 &#8211; Septembrski dru\u0161tveni pohod v okviru"},"content":{"rendered":"\n<p class=\"wp-block-paragraph\">V torek 1. 9. 2026 je pohodni\u0161ka sekcija DU Pre\u010dna izvedla redni mese\u010dni dru\u0161tveni pohod. Tokrat izjemoma smo pohod izvedli na prvi delovni torek v mesecu, saj smo se z veseljem odzvali vabilu DU Stra\u017ea na sre\u010danje pohodnikov in \u0161portnikov v \u0160portnem parku Breza, ki so ga organizirali v sklopu praznovanja ob\u010dine Stra\u017ea &#8211; &nbsp;stra\u0161ka jesen.<\/p>\n\n\n\n<p class=\"wp-block-paragraph\">S pohodom, ki se ga je udele\u017eilo 14 pohodnikov, smo za\u010deli s parkiri\u0161\u010da pri pre\u010denskem letali\u0161\u010du in ga preko Zaloga, Lok, Sel in Hru\u0161evca nadaljevali do \u0160portnega parka Breza. Tam smo se sre\u010dali s pohodniki in \u0161portniki vabljenih dru\u0161tev upokojencev: \u017du\u017eemberk, Dvor, Ur\u0161na sela, Dolenjske Toplice, Pre\u010dna in doma\u010dega dru\u0161tva iz Stra\u017ee.<\/p>\n\n\n\n<p class=\"wp-block-paragraph\">Po kraj\u0161em oddihu in okrep\u010dilu sta navzo\u010de nagovorila in pozdravila predsednica DU Stra\u017ea, ga. Jo\u017eica Pi\u0161kur in \u017eupan ob\u010dine Stra\u017ea, g. Du\u0161an Kr\u0161tinc. Oba sta izrazila zadovoljstvo in zahvalo za udele\u017ebo na sre\u010danju v njihovem \u0161portnem parku Breza.<\/p>\n\n\n\n<p class=\"wp-block-paragraph\">Sledila je podelitev pokalov in medalj, ki so jih pred tem na medsebojnem tekmovanju osvojile \u0161portnice in \u0161portniki vabljenih dru\u0161tev. Po kon\u010dani podelitvi so nas organizatorji sre\u010danja pogostili s toplo malico, pecivom in primerno ohlajeno pija\u010do.&nbsp;<\/p>\n\n\n\n<p class=\"wp-block-paragraph\">Pre\u010denski pohodniki smo se proti izhodi\u0161\u010du pohoda vra\u010dali ob letali\u0161ki stezi in ga ob dobri kavici zaklju\u010dili v na\u0161em bifeju.<\/p>\n\n\n\n<p class=\"wp-block-paragraph\">Za povabilo in dobro organizacijo sre\u010danja, se DU Stra\u017ea lepo zahvaljujemo.<\/p>\n\n\n\n<p class=\"wp-block-paragraph\">&nbsp;&nbsp; &nbsp;&nbsp;&nbsp;&nbsp;&nbsp;&nbsp;&nbsp;&nbsp;&nbsp;&nbsp;&nbsp;&nbsp;&nbsp;&nbsp;&nbsp;&nbsp;&nbsp;&nbsp;&nbsp;&nbsp;&nbsp;&nbsp;&nbsp;&nbsp;&nbsp;&nbsp;&nbsp;&nbsp;&nbsp;&nbsp;&nbsp;&nbsp;&nbsp;&nbsp;&nbsp;&nbsp;&nbsp;&nbsp;&nbsp;&nbsp;&nbsp;&nbsp;&nbsp;&nbsp;&nbsp;&nbsp;&nbsp;&nbsp;&nbsp;&nbsp;&nbsp;&nbsp;&nbsp;&nbsp;&nbsp;&nbsp;&nbsp;&nbsp;&nbsp;&nbsp;&nbsp;&nbsp;&nbsp;&nbsp;&nbsp;&nbsp;&nbsp;&nbsp;&nbsp;&nbsp;&nbsp;&nbsp;&nbsp;&nbsp;&nbsp;&nbsp;&nbsp;&nbsp;&nbsp;&nbsp;&nbsp;&nbsp;&nbsp;&nbsp;&nbsp;Tekst in slike: Ivan De\u017ean<\/p>\n","protected":false},"excerpt":{"rendered":"<p>V torek 1. 9. 2026 je pohodni\u0161ka sekcija DU Pre\u010dna izvedla redni mese\u010dni dru\u0161tveni pohod. Tokrat izjemoma smo pohod izvedli na prvi delovni torek v mesecu, saj smo se z veseljem odzvali vabilu DU Stra\u017ea na sre\u010danje pohodnikov in \u0161portnikov v \u0160portnem parku Breza, ki so ga organizirali v sklopu praznovanja ob\u010dine Stra\u017ea &#8211; &nbsp;stra\u0161ka [&hellip;]<\/p>\n","protected":false},"author":2,"featured_media":0,"comment_status":"open","ping_status":"open","sticky":false,"template":"","format":"standard","meta":{"footnotes":""},"categories":[1],"tags":[],"class_list":["post-4712","post","type-post","status-publish","format-standard","hentry","category-uncategorized"],"_links":{"self":[{"href":"https:\/\/duprecna.com\/index.php?rest_route=\/wp\/v2\/posts\/4712","targetHints":{"allow":["GET"]}}],"collection":[{"href":"https:\/\/duprecna.com\/index.php?rest_route=\/wp\/v2\/posts"}],"about":[{"href":"https:\/\/duprecna.com\/index.php?rest_route=\/wp\/v2\/types\/post"}],"author":[{"embeddable":true,"href":"https:\/\/duprecna.com\/index.php?rest_route=\/wp\/v2\/users\/2"}],"replies":[{"embeddable":true,"href":"https:\/\/duprecna.com\/index.php?rest_route=%2Fwp%2Fv2%2Fcomments&post=4712"}],"version-history":[{"count":4,"href":"https:\/\/duprecna.com\/index.php?rest_route=\/wp\/v2\/posts\/4712\/revisions"}],"predecessor-version":[{"id":4728,"href":"https:\/\/duprecna.com\/index.php?rest_route=\/wp\/v2\/posts\/4712\/revisions\/4728"}],"wp:attachment":[{"href":"https:\/\/duprecna.com\/index.php?rest_route=%2Fwp%2Fv2%2Fmedia&parent=4712"}],"wp:term":[{"taxonomy":"category","embeddable":true,"href":"https:\/\/duprecna.com\/index.php?rest_route=%2Fwp%2Fv2%2Fcategories&post=4712"},{"taxonomy":"post_tag","embeddable":true,"href":"https:\/\/duprecna.com\/index.php?rest_route=%2Fwp%2Fv2%2Ftags&post=4712"}],"curies":[{"name":"wp","href":"https:\/\/api.w.org\/{rel}","templated":true}]}}