{"id":4689,"date":"2026-08-31T11:44:42","date_gmt":"2026-08-31T10:44:42","guid":{"rendered":"https:\/\/duprecna.com\/?p=4689"},"modified":"2026-08-31T11:44:42","modified_gmt":"2026-08-31T10:44:42","slug":"pohod-spoznavajmo-dolenjsko-in-belo-krajino-v-organizaciji-du-dolenjske-toplice","status":"publish","type":"post","link":"https:\/\/duprecna.com\/?p=4689","title":{"rendered":"Pohod Spoznavajmo Dolenjsko in Belo krajino v organizaciji DU Dolenjske Toplice"},"content":{"rendered":"\n<p class=\"wp-block-paragraph\">V torek 18.8.2026 smo se \u010dlanu DU Pre\u010dna udele\u017eili pohoda Spoznavajmo Dolenjsko in Belo krajino v organizaciji DU Dolenjske Toplice. Zbirno mesto je bila polharska ko\u010da pod Pogorelcem. Pot pohoda pa nas je vodila od Pogorelca do vzleti\u0161\u010da Sedlata gorica na 815 m vi\u0161ine, ki je lepa razgledna to\u010dka Dolenjske in nato nazaj do izhodi\u0161\u010da. \u017dal nam je pogled\u00a0\u00a0 prepre\u010dila megla in nizka obla\u010dnost.<\/p>\n\n\n\n<p class=\"wp-block-paragraph\">Pohoda se je tokrat udele\u017eilo 7 udele\u017eencev. Zelo nas je navdu\u0161ila organizacija in zaklju\u010dek, ki so jo pripravili \u010dlanu DU Dolenjske Toplice, za kar si zaslu\u017eijo vse pohvale. <\/p>\n\n\n\n<p class=\"wp-block-paragraph\">Tekst in slike: Peter \u017dupanc<\/p>\n\n\n\n<figure class=\"wp-block-gallery has-nested-images columns-default is-cropped wp-block-gallery-1 is-layout-flex wp-block-gallery-is-layout-flex\">\n<figure class=\"wp-block-image size-large\"><img loading=\"lazy\" decoding=\"async\" width=\"3056\" height=\"3056\" data-id=\"4691\" src=\"https:\/\/duprecna.com\/wp-content\/uploads\/2026\/08\/20260818_070831.jpg\" alt=\"\" class=\"wp-image-4691\"\/><\/figure>\n\n\n\n<figure class=\"wp-block-image size-large\"><img loading=\"lazy\" decoding=\"async\" width=\"3056\" height=\"3056\" data-id=\"4692\" src=\"https:\/\/duprecna.com\/wp-content\/uploads\/2026\/08\/20260818_070845.jpg\" alt=\"\" class=\"wp-image-4692\"\/><\/figure>\n\n\n\n<figure class=\"wp-block-image size-large\"><img loading=\"lazy\" decoding=\"async\" width=\"3056\" height=\"3056\" data-id=\"4693\" src=\"https:\/\/duprecna.com\/wp-content\/uploads\/2026\/08\/20260818_082036.jpg\" alt=\"\" class=\"wp-image-4693\"\/><\/figure>\n\n\n\n<figure class=\"wp-block-image size-large\"><img loading=\"lazy\" decoding=\"async\" width=\"3056\" height=\"3056\" data-id=\"4694\" src=\"https:\/\/duprecna.com\/wp-content\/uploads\/2026\/08\/20260818_082038.jpg\" alt=\"\" class=\"wp-image-4694\"\/><\/figure>\n\n\n\n<figure class=\"wp-block-image size-large\"><img loading=\"lazy\" decoding=\"async\" width=\"3056\" height=\"3056\" data-id=\"4695\" src=\"https:\/\/duprecna.com\/wp-content\/uploads\/2026\/08\/20260818_084247.jpg\" alt=\"\" class=\"wp-image-4695\"\/><\/figure>\n\n\n\n<figure class=\"wp-block-image size-large\"><img loading=\"lazy\" decoding=\"async\" width=\"3056\" height=\"3056\" data-id=\"4696\" src=\"https:\/\/duprecna.com\/wp-content\/uploads\/2026\/08\/20260818_094157-1.jpg\" alt=\"\" class=\"wp-image-4696\"\/><\/figure>\n\n\n\n<figure class=\"wp-block-image size-large\"><img loading=\"lazy\" decoding=\"async\" width=\"3056\" height=\"3056\" data-id=\"4690\" src=\"https:\/\/duprecna.com\/wp-content\/uploads\/2026\/08\/20260818_094157.jpg\" alt=\"\" class=\"wp-image-4690\"\/><\/figure>\n<\/figure>\n\n\n\n<p class=\"wp-block-paragraph\"><br><\/p>\n","protected":false},"excerpt":{"rendered":"<p>V torek 18.8.2026 smo se \u010dlanu DU Pre\u010dna udele\u017eili pohoda Spoznavajmo Dolenjsko in Belo krajino v organizaciji DU Dolenjske Toplice. Zbirno mesto je bila polharska ko\u010da pod Pogorelcem. Pot pohoda pa nas je vodila od Pogorelca do vzleti\u0161\u010da Sedlata gorica na 815 m vi\u0161ine, ki je lepa razgledna to\u010dka Dolenjske in nato nazaj do izhodi\u0161\u010da. [&hellip;]<\/p>\n","protected":false},"author":2,"featured_media":4690,"comment_status":"open","ping_status":"open","sticky":false,"template":"","format":"standard","meta":{"footnotes":""},"categories":[1],"tags":[],"class_list":["post-4689","post","type-post","status-publish","format-standard","has-post-thumbnail","hentry","category-uncategorized"],"_links":{"self":[{"href":"https:\/\/duprecna.com\/index.php?rest_route=\/wp\/v2\/posts\/4689","targetHints":{"allow":["GET"]}}],"collection":[{"href":"https:\/\/duprecna.com\/index.php?rest_route=\/wp\/v2\/posts"}],"about":[{"href":"https:\/\/duprecna.com\/index.php?rest_route=\/wp\/v2\/types\/post"}],"author":[{"embeddable":true,"href":"https:\/\/duprecna.com\/index.php?rest_route=\/wp\/v2\/users\/2"}],"replies":[{"embeddable":true,"href":"https:\/\/duprecna.com\/index.php?rest_route=%2Fwp%2Fv2%2Fcomments&post=4689"}],"version-history":[{"count":1,"href":"https:\/\/duprecna.com\/index.php?rest_route=\/wp\/v2\/posts\/4689\/revisions"}],"predecessor-version":[{"id":4697,"href":"https:\/\/duprecna.com\/index.php?rest_route=\/wp\/v2\/posts\/4689\/revisions\/4697"}],"wp:featuredmedia":[{"embeddable":true,"href":"https:\/\/duprecna.com\/index.php?rest_route=\/wp\/v2\/media\/4690"}],"wp:attachment":[{"href":"https:\/\/duprecna.com\/index.php?rest_route=%2Fwp%2Fv2%2Fmedia&parent=4689"}],"wp:term":[{"taxonomy":"category","embeddable":true,"href":"https:\/\/duprecna.com\/index.php?rest_route=%2Fwp%2Fv2%2Fcategories&post=4689"},{"taxonomy":"post_tag","embeddable":true,"href":"https:\/\/duprecna.com\/index.php?rest_route=%2Fwp%2Fv2%2Ftags&post=4689"}],"curies":[{"name":"wp","href":"https:\/\/api.w.org\/{rel}","templated":true}]}}