{"id":4095,"date":"2026-04-21T17:51:03","date_gmt":"2026-04-21T16:51:03","guid":{"rendered":"https:\/\/duprecna.com\/?p=4095"},"modified":"2026-04-29T17:59:58","modified_gmt":"2026-04-29T16:59:58","slug":"pohod-spoznavajmo-dolenjsko-in-belo-krajino-v-organizaciji-du-metlika","status":"publish","type":"post","link":"https:\/\/duprecna.com\/?p=4095","title":{"rendered":"Pohod Spoznavajmo Dolenjsko in Belo krajino v organizaciji\u00a0 DU Metlika."},"content":{"rendered":"\n<p>V torek 21. 4. 2026 je Dru\u0161tvo upokojencev Metlika&nbsp; organiziralo in izvedlo pohod <em>\u00bbSpoznavajmo Dolenjsko in Belo krajino\u00ab. <\/em>&nbsp;<\/p>\n\n\n\n<p>Pohodniki so se ob 9. uri zbrali na avtobusni postaji v Metliki. Meddru\u0161tvenega pohoda, ki ga je DU Metlika tokrat izvedlo prvi\u010d, se je po podatkih organizatorjev udele\u017eilo 230 pohodnikov. Iz DU Pre\u010dna pa se jih je udele\u017eilo 9. Vse udele\u017eence pohoda je nagovorila in pozdravila predsednica DU Metlika, ga. \u017deljka Janjac. V nagovoru je na kratko predstavila traso &nbsp;in vsem &nbsp;za\u017eelela, da se \u010dim lep\u0161e po\u010dutijo na njihovem podro\u010dju.<\/p>\n\n\n\n<p>V dokaj prijetnem vremenu so pohodniki za\u010deli s hojo v smeri Rosalnic, ki so znane predvsem po treh gotskih cerkvah, imenovanih \u00bbTri fare\u00ab. Zanimivo je, da so vse tri cerkve zbrane za enim obzidjem, kjer je tudi&nbsp;pokopali\u0161\u010de. Sledil je nekoliko dalj\u0161i postanek in petje pohodni\u0161kih pesmi, ki jih pohodniki obi\u010dajno prepevajo po zaklju\u010dku pohoda. Poleg pogostitve s sladkim programom in pija\u010do, so organizatorji omogo\u010dili pohodnikom tudi kraj\u0161i ogled omenjenih cerkva.<\/p>\n\n\n\n<p>V nadaljevanju pohoda \u010dez belokranjske stelnike, so se pohodniki ustavili \u0161e na vinorodnem in razglednem, 233 m visokem hribu Veselica, ki je tudi priljubljena razgledna to\u010dka doma\u010dinov in izletnikov.&nbsp; Od tu so nadaljevali pot preko Obrha in se po slabih treh urah prijetne&nbsp; hoje in lepih do\u017eivetij vrnili na izhodi\u0161\u010de.<\/p>\n\n\n\n<p>Hvala organizatorjem za lepo organiziran pohod, pohodnikom pa povabilo na naslednjega, ki ga bo v maju organiziralo DU Lo\u0161ki Potok.<\/p>\n\n\n\n<p>&nbsp;&nbsp;&nbsp;&nbsp;&nbsp;&nbsp;&nbsp;&nbsp;&nbsp;&nbsp;&nbsp;&nbsp;&nbsp;&nbsp;&nbsp;&nbsp;&nbsp;&nbsp;&nbsp;&nbsp;&nbsp;&nbsp;&nbsp;&nbsp;&nbsp;&nbsp;&nbsp;&nbsp;&nbsp;&nbsp;&nbsp;&nbsp;&nbsp;&nbsp;&nbsp;&nbsp;&nbsp;&nbsp;&nbsp;&nbsp;&nbsp;&nbsp;&nbsp;&nbsp;&nbsp;&nbsp;&nbsp;&nbsp;&nbsp;&nbsp;&nbsp;&nbsp;&nbsp;&nbsp;&nbsp;                                  &nbsp;&nbsp;&nbsp;&nbsp;&nbsp;&nbsp; Zapisal: Ivan De\u017ean<\/p>\n\n\n\n<p>&nbsp;&nbsp;&nbsp;&nbsp;&nbsp;&nbsp;&nbsp;&nbsp;&nbsp;&nbsp;&nbsp;&nbsp;&nbsp;&nbsp;&nbsp;&nbsp;&nbsp;&nbsp;&nbsp;&nbsp;&nbsp;&nbsp;&nbsp;&nbsp;&nbsp;&nbsp;&nbsp;&nbsp;&nbsp;&nbsp;&nbsp;&nbsp;&nbsp;&nbsp;&nbsp;&nbsp;&nbsp;&nbsp;&nbsp;&nbsp;&nbsp;&nbsp;&nbsp;&nbsp;&nbsp;&nbsp;&nbsp;&nbsp;&nbsp;&nbsp;&nbsp;&nbsp;&nbsp;&nbsp;&nbsp;&nbsp;&nbsp;&nbsp;&nbsp;&nbsp;&nbsp;&nbsp;&nbsp;&nbsp;&nbsp;&nbsp;&nbsp;&nbsp;&nbsp;&nbsp;&nbsp;&nbsp;&nbsp;&nbsp;&nbsp;               &nbsp;&nbsp;&nbsp;&nbsp;&nbsp; Foto: Rudi Vidmar<\/p>\n\n\n\n<figure class=\"wp-block-gallery has-nested-images columns-default is-cropped wp-block-gallery-1 is-layout-flex wp-block-gallery-is-layout-flex\">\n<figure class=\"wp-block-image size-large\"><img loading=\"lazy\" decoding=\"async\" width=\"4080\" height=\"3060\" data-id=\"4097\" src=\"https:\/\/duprecna.com\/wp-content\/uploads\/2026\/04\/4639d794-f8a6-4992-b8ae-7907c9d71a13-1_all_5519.jpg\" alt=\"\" class=\"wp-image-4097\"\/><\/figure>\n\n\n\n<figure class=\"wp-block-image size-large\"><img loading=\"lazy\" decoding=\"async\" width=\"4080\" height=\"3060\" data-id=\"4098\" src=\"https:\/\/duprecna.com\/wp-content\/uploads\/2026\/04\/5382.jpg\" alt=\"\" class=\"wp-image-4098\"\/><\/figure>\n\n\n\n<figure class=\"wp-block-image size-large\"><img loading=\"lazy\" decoding=\"async\" width=\"4000\" height=\"3000\" data-id=\"4099\" src=\"https:\/\/duprecna.com\/wp-content\/uploads\/2026\/04\/5392.jpg\" alt=\"\" class=\"wp-image-4099\"\/><\/figure>\n\n\n\n<figure class=\"wp-block-image size-large\"><img loading=\"lazy\" decoding=\"async\" width=\"4080\" height=\"3060\" data-id=\"4100\" src=\"https:\/\/duprecna.com\/wp-content\/uploads\/2026\/04\/5400.jpg\" alt=\"\" class=\"wp-image-4100\"\/><\/figure>\n\n\n\n<figure class=\"wp-block-image size-large\"><img loading=\"lazy\" decoding=\"async\" width=\"4080\" height=\"3060\" data-id=\"4101\" src=\"https:\/\/duprecna.com\/wp-content\/uploads\/2026\/04\/5403.jpg\" alt=\"\" class=\"wp-image-4101\"\/><\/figure>\n\n\n\n<figure class=\"wp-block-image size-large\"><img loading=\"lazy\" decoding=\"async\" width=\"4080\" height=\"3060\" data-id=\"4102\" src=\"https:\/\/duprecna.com\/wp-content\/uploads\/2026\/04\/5409.jpg\" alt=\"\" class=\"wp-image-4102\"\/><\/figure>\n\n\n\n<figure class=\"wp-block-image size-large\"><img loading=\"lazy\" decoding=\"async\" width=\"4080\" height=\"3060\" data-id=\"4103\" src=\"https:\/\/duprecna.com\/wp-content\/uploads\/2026\/04\/5415.jpg\" alt=\"\" class=\"wp-image-4103\"\/><\/figure>\n\n\n\n<figure class=\"wp-block-image size-large\"><img loading=\"lazy\" decoding=\"async\" width=\"4080\" height=\"3060\" data-id=\"4104\" src=\"https:\/\/duprecna.com\/wp-content\/uploads\/2026\/04\/5418.jpg\" alt=\"\" class=\"wp-image-4104\"\/><\/figure>\n\n\n\n<figure class=\"wp-block-image size-large\"><img loading=\"lazy\" decoding=\"async\" width=\"4080\" height=\"3060\" data-id=\"4105\" src=\"https:\/\/duprecna.com\/wp-content\/uploads\/2026\/04\/5422.jpg\" alt=\"\" class=\"wp-image-4105\"\/><\/figure>\n<\/figure>\n\n\n\n<figure class=\"wp-block-gallery has-nested-images columns-default is-cropped wp-block-gallery-2 is-layout-flex wp-block-gallery-is-layout-flex\">\n<figure class=\"wp-block-image size-large\"><img loading=\"lazy\" decoding=\"async\" width=\"4080\" height=\"3060\" data-id=\"4096\" src=\"https:\/\/duprecna.com\/wp-content\/uploads\/2026\/04\/4639d794-f8a6-4992-b8ae-7907c9d71a13-1_all_5510.jpg\" alt=\"\" class=\"wp-image-4096\"\/><figcaption class=\"wp-element-caption\">Pohodniki DU Pre\u010dna<\/figcaption><\/figure>\n<\/figure>\n","protected":false},"excerpt":{"rendered":"<p>V torek 21. 4. 2026 je Dru\u0161tvo upokojencev Metlika&nbsp; organiziralo in izvedlo pohod \u00bbSpoznavajmo Dolenjsko in Belo krajino\u00ab. &nbsp; Pohodniki so se ob 9. uri zbrali na avtobusni postaji v Metliki. Meddru\u0161tvenega pohoda, ki ga je DU Metlika tokrat izvedlo prvi\u010d, se je po podatkih organizatorjev udele\u017eilo 230 pohodnikov. Iz DU Pre\u010dna pa se jih [&hellip;]<\/p>\n","protected":false},"author":2,"featured_media":4096,"comment_status":"open","ping_status":"open","sticky":false,"template":"","format":"standard","meta":{"footnotes":""},"categories":[1],"tags":[],"class_list":["post-4095","post","type-post","status-publish","format-standard","has-post-thumbnail","hentry","category-uncategorized"],"_links":{"self":[{"href":"https:\/\/duprecna.com\/index.php?rest_route=\/wp\/v2\/posts\/4095","targetHints":{"allow":["GET"]}}],"collection":[{"href":"https:\/\/duprecna.com\/index.php?rest_route=\/wp\/v2\/posts"}],"about":[{"href":"https:\/\/duprecna.com\/index.php?rest_route=\/wp\/v2\/types\/post"}],"author":[{"embeddable":true,"href":"https:\/\/duprecna.com\/index.php?rest_route=\/wp\/v2\/users\/2"}],"replies":[{"embeddable":true,"href":"https:\/\/duprecna.com\/index.php?rest_route=%2Fwp%2Fv2%2Fcomments&post=4095"}],"version-history":[{"count":3,"href":"https:\/\/duprecna.com\/index.php?rest_route=\/wp\/v2\/posts\/4095\/revisions"}],"predecessor-version":[{"id":4108,"href":"https:\/\/duprecna.com\/index.php?rest_route=\/wp\/v2\/posts\/4095\/revisions\/4108"}],"wp:featuredmedia":[{"embeddable":true,"href":"https:\/\/duprecna.com\/index.php?rest_route=\/wp\/v2\/media\/4096"}],"wp:attachment":[{"href":"https:\/\/duprecna.com\/index.php?rest_route=%2Fwp%2Fv2%2Fmedia&parent=4095"}],"wp:term":[{"taxonomy":"category","embeddable":true,"href":"https:\/\/duprecna.com\/index.php?rest_route=%2Fwp%2Fv2%2Fcategories&post=4095"},{"taxonomy":"post_tag","embeddable":true,"href":"https:\/\/duprecna.com\/index.php?rest_route=%2Fwp%2Fv2%2Ftags&post=4095"}],"curies":[{"name":"wp","href":"https:\/\/api.w.org\/{rel}","templated":true}]}}