{"id":4084,"date":"2026-04-28T07:14:37","date_gmt":"2026-04-28T06:14:37","guid":{"rendered":"https:\/\/duprecna.com\/?p=4084"},"modified":"2026-04-29T07:16:31","modified_gmt":"2026-04-29T06:16:31","slug":"angelca-rostan-praznovala-94-rojstni-dan","status":"publish","type":"post","link":"https:\/\/duprecna.com\/?p=4084","title":{"rendered":"Angelca Rostan praznovala 94. rojstni dan."},"content":{"rendered":"\n<p>Danes, 28.04.2026\u00a0so \u010dlani DU Pre\u010dna, predsednik Drago Siko\u0161ek, poverjenik Alojz \u017divko in \u00a0tajnica Danica Re\u0161eti\u010d, obiskali na\u0161o dolgoletno \u010dlanico, Angelco Rostan iz Suhorja, ki je 27.04.2026 praznovala svoj osebni praznik, 94. rojstni dan. \u00a0Za\u017eeleli so ji vse najbolj\u0161e, predvsem pa trdnega zdravja z \u017eeljo, da ji le-to \u0161e vrsto let slu\u017ei, ob tej priliki pa ji izro\u010dili dru\u0161tveno vo\u0161\u010dilnico in skromno darilce.<\/p>\n\n\n\n<p>V kraj\u0161em klepetu je povedala, da se zaradi \u0161ibkega zdravja, saj si pri hoji pomaga s hojco, prete\u017eni dela \u010dasa zadr\u017euje v stanovanju. Pri njej \u017eivi h\u010derka, ki si skupaj kraj\u0161ata \u010das. \u0160e vedno pa seveda s pomo\u010djo h\u010derke rada spe\u010de potico, kar je storila tudi za svoj osebni praznik. Za kratek \u010das, pa si ob kavici \u0161e vedno pokadi kak\u0161no cigareto.<\/p>\n\n\n\n<p>\u0160e enkrat so ji nazdravili \u0161e na mnoga leta in se ji zahvalili za postre\u017ebo in topel sprejem.<\/p>\n\n\n\n<p>Tekst in foto: Drago Siko\u0161ek<\/p>\n\n\n\n<figure class=\"wp-block-gallery aligncenter has-nested-images columns-default is-cropped wp-block-gallery-1 is-layout-flex wp-block-gallery-is-layout-flex\">\n<figure class=\"wp-block-image size-large\"><img loading=\"lazy\" decoding=\"async\" width=\"1715\" height=\"2467\" data-id=\"4087\" src=\"https:\/\/duprecna.com\/wp-content\/uploads\/2026\/04\/20260428_074310.jpg\" alt=\"\" class=\"wp-image-4087\"\/><\/figure>\n\n\n\n<figure class=\"wp-block-image size-large\"><img loading=\"lazy\" decoding=\"async\" width=\"4000\" height=\"1800\" data-id=\"4089\" src=\"https:\/\/duprecna.com\/wp-content\/uploads\/2026\/04\/20260428_085935.jpg\" alt=\"\" class=\"wp-image-4089\"\/><\/figure>\n\n\n\n<figure class=\"wp-block-image size-large\"><img loading=\"lazy\" decoding=\"async\" width=\"4000\" height=\"1800\" data-id=\"4090\" src=\"https:\/\/duprecna.com\/wp-content\/uploads\/2026\/04\/20260428_090003.jpg\" alt=\"\" class=\"wp-image-4090\"\/><\/figure>\n<\/figure>\n\n\n\n<figure class=\"wp-block-gallery has-nested-images columns-default is-cropped wp-block-gallery-2 is-layout-flex wp-block-gallery-is-layout-flex\">\n<figure class=\"wp-block-image size-large\"><img loading=\"lazy\" decoding=\"async\" width=\"4000\" height=\"1800\" data-id=\"4088\" src=\"https:\/\/duprecna.com\/wp-content\/uploads\/2026\/04\/20260428_085846.jpg\" alt=\"\" class=\"wp-image-4088\"\/><figcaption class=\"wp-element-caption\">Angelca Rostan 94 let<\/figcaption><\/figure>\n<\/figure>\n","protected":false},"excerpt":{"rendered":"<p>Danes, 28.04.2026\u00a0so \u010dlani DU Pre\u010dna, predsednik Drago Siko\u0161ek, poverjenik Alojz \u017divko in \u00a0tajnica Danica Re\u0161eti\u010d, obiskali na\u0161o dolgoletno \u010dlanico, Angelco Rostan iz Suhorja, ki je 27.04.2026 praznovala svoj osebni praznik, 94. rojstni dan. \u00a0Za\u017eeleli so ji vse najbolj\u0161e, predvsem pa trdnega zdravja z \u017eeljo, da ji le-to \u0161e vrsto let slu\u017ei, ob tej priliki pa [&hellip;]<\/p>\n","protected":false},"author":2,"featured_media":4088,"comment_status":"open","ping_status":"open","sticky":false,"template":"","format":"standard","meta":{"footnotes":""},"categories":[1],"tags":[],"class_list":["post-4084","post","type-post","status-publish","format-standard","has-post-thumbnail","hentry","category-uncategorized"],"_links":{"self":[{"href":"https:\/\/duprecna.com\/index.php?rest_route=\/wp\/v2\/posts\/4084","targetHints":{"allow":["GET"]}}],"collection":[{"href":"https:\/\/duprecna.com\/index.php?rest_route=\/wp\/v2\/posts"}],"about":[{"href":"https:\/\/duprecna.com\/index.php?rest_route=\/wp\/v2\/types\/post"}],"author":[{"embeddable":true,"href":"https:\/\/duprecna.com\/index.php?rest_route=\/wp\/v2\/users\/2"}],"replies":[{"embeddable":true,"href":"https:\/\/duprecna.com\/index.php?rest_route=%2Fwp%2Fv2%2Fcomments&post=4084"}],"version-history":[{"count":4,"href":"https:\/\/duprecna.com\/index.php?rest_route=\/wp\/v2\/posts\/4084\/revisions"}],"predecessor-version":[{"id":4094,"href":"https:\/\/duprecna.com\/index.php?rest_route=\/wp\/v2\/posts\/4084\/revisions\/4094"}],"wp:featuredmedia":[{"embeddable":true,"href":"https:\/\/duprecna.com\/index.php?rest_route=\/wp\/v2\/media\/4088"}],"wp:attachment":[{"href":"https:\/\/duprecna.com\/index.php?rest_route=%2Fwp%2Fv2%2Fmedia&parent=4084"}],"wp:term":[{"taxonomy":"category","embeddable":true,"href":"https:\/\/duprecna.com\/index.php?rest_route=%2Fwp%2Fv2%2Fcategories&post=4084"},{"taxonomy":"post_tag","embeddable":true,"href":"https:\/\/duprecna.com\/index.php?rest_route=%2Fwp%2Fv2%2Ftags&post=4084"}],"curies":[{"name":"wp","href":"https:\/\/api.w.org\/{rel}","templated":true}]}}