{"id":3635,"date":"2026-01-20T16:57:17","date_gmt":"2026-01-20T15:57:17","guid":{"rendered":"https:\/\/duprecna.com\/?p=3635"},"modified":"2026-01-21T16:57:29","modified_gmt":"2026-01-21T15:57:29","slug":"pohod-spoznavajmo-dolenjsko-in-belo-krajino-v-organizaciji-du-crnomelj","status":"publish","type":"post","link":"https:\/\/duprecna.com\/?p=3635","title":{"rendered":"Pohod Spoznavajmo Dolenjsko in Belo krajino v organizaciji DU \u010crnomelj"},"content":{"rendered":"\n<p>V torek, 20. 1. 2026 je Dru\u0161tvo upokojencev \u010crnomelj izvedlo pohod <strong><em>\u00bbSpoznavajmo Dolenjsko in Belo krajino\u00ab.&nbsp;<\/em><\/strong><\/p>\n\n\n\n<p>Zbirno mesto \u017ee 102. pohoda je bilo pred gasilskim domom v Dobli\u010dah pri \u010crnomlju. Po podatkih organizatorjev se je pohoda udele\u017eilo 230 pohodnic in pohodnikov, 7 iz Dru\u0161tva upokojencev Pre\u010dna.<\/p>\n\n\n\n<p>Ob prihodu na izhodi\u0161\u010de so organizatorji udele\u017eence pohoda postregli z vro\u010dim \u010dajem in doma\u010dimi napitki ter jih posladkali s sladkim programom.<\/p>\n\n\n\n<p>Zbrane udele\u017eence pohoda sta nagovorila in pozdravila g. \u0160tefan Misja, predsednik Dru\u0161tva upokojencev \u010crnomelj in pod\u017eupan ob\u010dine \u010crnomelj g.&nbsp; <strong>Jaka Birkelbach<\/strong><strong>.<\/strong> Za\u017eelela sta jim lahek korak in prijetno po\u010dutje na njihovem podro\u010dju.<\/p>\n\n\n\n<p>Ker je bilo jutro dokaj hladno, se pohodniki na izhodi\u0161\u010du nismo dolgo zadr\u017eevali. Z vodstvom pohoda smo se po dokaj strmi gozdni u\u010dni poti, mimo vinogradov,&nbsp; podali v smeri vasi Gri\u010d in naprej do kra\u0161ke jame Grdanji skedenj. Med potjo smo se ustavili pri Gri\u010dkem kalu in vodnjaku, ki sta pomemben del kulturne in naravne dedi\u0161\u010dine Bele krajine. Tako pri Gri\u010dkem kalu, kakor tudi pri kra\u0161ki jami nam je g. Starc podrobno povedal in opisal &nbsp;zgodovinske zanimivosti teh dveh naravnih spomenikov. Kra\u0161ka jama Grdanji skedenj je bila neko\u010d zato\u010di\u0161\u010de doma\u010dinov v \u010dasu tur\u0161kih vpadov. Vanjo so se zatekali hajduki, lovci, \u017eivali. Jama je pomembno zato\u010di\u0161\u010de netopirjev in arheolo\u0161ko najdi\u0161\u010de. U\u010dna pot ponuja \u010dudovito povezavo med zgodovino in naravnimi lepotami obmo\u010dja.<\/p>\n\n\n\n<p>Sledil je \u0161e nekoliko dalj\u0161i spust do Dobli\u010d, kjer smo tradicionalno zaklju\u010dili z na\u0161im pohodom.<\/p>\n\n\n\n<p>&nbsp;Ob vra\u010danju proti domu smo se udele\u017eenci pohoda iz na\u0161ega dru\u0161tva, na povabilo na\u0161ega \u010dlana Petra \u017dupanca, ustavili v njegovi vikendici v Kotu pri Semi\u010du. Peter nas je prijazno sprejel in nas presenetil s toplo malico in dobro&nbsp; belokranjsko kapljico. Zahvalili smo se mu za prijaznost in gostoljubje ter se polni lepih vtisov, dobre volje in novih mo\u010di vrnili na svoje domove.<\/p>\n\n\n\n<p>&nbsp;&nbsp;&nbsp;&nbsp;&nbsp;&nbsp;&nbsp;&nbsp;&nbsp;&nbsp;&nbsp;&nbsp;&nbsp;&nbsp;&nbsp;&nbsp;&nbsp;&nbsp;&nbsp;&nbsp;&nbsp;&nbsp;&nbsp;&nbsp;&nbsp;&nbsp;&nbsp;&nbsp;&nbsp;&nbsp;&nbsp;&nbsp;&nbsp;&nbsp;&nbsp;&nbsp;&nbsp;&nbsp;&nbsp;&nbsp;&nbsp;&nbsp;&nbsp;&nbsp;&nbsp;&nbsp;&nbsp;&nbsp;&nbsp;&nbsp;&nbsp;&nbsp;&nbsp;&nbsp;&nbsp;&nbsp;&nbsp;&nbsp;&nbsp;&nbsp;&nbsp;&nbsp;&nbsp;&nbsp;&nbsp;&nbsp;&nbsp;&nbsp;&nbsp;&nbsp;&nbsp;&nbsp;&nbsp;&nbsp;&nbsp;&nbsp;&nbsp;&nbsp;&nbsp;&nbsp;&nbsp;&nbsp; Tekst in foto: Ivan De\u017ean<\/p>\n\n\n\n<figure class=\"wp-block-gallery alignfull has-nested-images columns-default is-cropped wp-block-gallery-1 is-layout-flex wp-block-gallery-is-layout-flex\">\n<figure class=\"wp-block-image size-large\"><img loading=\"lazy\" decoding=\"async\" width=\"1024\" height=\"768\" data-id=\"3636\" src=\"https:\/\/duprecna.com\/wp-content\/uploads\/2026\/01\/004.jpg\" alt=\"\" class=\"wp-image-3636\"\/><figcaption class=\"wp-element-caption\">Pohodniku DU Pre\u010dna<\/figcaption><\/figure>\n\n\n\n<figure class=\"wp-block-image size-large\"><img loading=\"lazy\" decoding=\"async\" width=\"1024\" height=\"768\" data-id=\"3637\" src=\"https:\/\/duprecna.com\/wp-content\/uploads\/2026\/01\/007-1.jpg\" alt=\"\" class=\"wp-image-3637\"\/><\/figure>\n\n\n\n<figure class=\"wp-block-image size-large\"><img loading=\"lazy\" decoding=\"async\" width=\"1024\" height=\"768\" data-id=\"3638\" src=\"https:\/\/duprecna.com\/wp-content\/uploads\/2026\/01\/009.jpg\" alt=\"\" class=\"wp-image-3638\"\/><\/figure>\n\n\n\n<figure class=\"wp-block-image size-large\"><img loading=\"lazy\" decoding=\"async\" width=\"1024\" height=\"768\" data-id=\"3639\" src=\"https:\/\/duprecna.com\/wp-content\/uploads\/2026\/01\/012.jpg\" alt=\"\" class=\"wp-image-3639\"\/><\/figure>\n\n\n\n<figure class=\"wp-block-image size-large\"><img loading=\"lazy\" decoding=\"async\" width=\"1024\" height=\"768\" data-id=\"3640\" src=\"https:\/\/duprecna.com\/wp-content\/uploads\/2026\/01\/016.jpg\" alt=\"\" class=\"wp-image-3640\"\/><\/figure>\n\n\n\n<figure class=\"wp-block-image size-large\"><img loading=\"lazy\" decoding=\"async\" width=\"1024\" height=\"768\" data-id=\"3641\" src=\"https:\/\/duprecna.com\/wp-content\/uploads\/2026\/01\/026-1.jpg\" alt=\"\" class=\"wp-image-3641\"\/><\/figure>\n\n\n\n<figure class=\"wp-block-image size-large\"><img loading=\"lazy\" decoding=\"async\" width=\"1024\" height=\"768\" data-id=\"3642\" src=\"https:\/\/duprecna.com\/wp-content\/uploads\/2026\/01\/027.jpg\" alt=\"\" class=\"wp-image-3642\"\/><\/figure>\n\n\n\n<figure class=\"wp-block-image size-large\"><img loading=\"lazy\" decoding=\"async\" width=\"1024\" height=\"768\" data-id=\"3643\" src=\"https:\/\/duprecna.com\/wp-content\/uploads\/2026\/01\/030-1.jpg\" alt=\"\" class=\"wp-image-3643\"\/><\/figure>\n\n\n\n<figure class=\"wp-block-image size-large\"><img loading=\"lazy\" decoding=\"async\" width=\"1024\" height=\"768\" data-id=\"3644\" src=\"https:\/\/duprecna.com\/wp-content\/uploads\/2026\/01\/035.jpg\" alt=\"\" class=\"wp-image-3644\"\/><\/figure>\n\n\n\n<figure class=\"wp-block-image size-large\"><img loading=\"lazy\" decoding=\"async\" width=\"1024\" height=\"768\" data-id=\"3645\" src=\"https:\/\/duprecna.com\/wp-content\/uploads\/2026\/01\/046-1.jpg\" alt=\"\" class=\"wp-image-3645\"\/><\/figure>\n\n\n\n<figure class=\"wp-block-image size-large\"><img loading=\"lazy\" decoding=\"async\" width=\"1024\" height=\"768\" data-id=\"3646\" src=\"https:\/\/duprecna.com\/wp-content\/uploads\/2026\/01\/048.jpg\" alt=\"\" class=\"wp-image-3646\"\/><\/figure>\n\n\n\n<figure class=\"wp-block-image size-large\"><img loading=\"lazy\" decoding=\"async\" width=\"1024\" height=\"768\" data-id=\"3647\" src=\"https:\/\/duprecna.com\/wp-content\/uploads\/2026\/01\/049.jpg\" alt=\"\" class=\"wp-image-3647\"\/><\/figure>\n\n\n\n<figure class=\"wp-block-image size-large\"><img loading=\"lazy\" decoding=\"async\" width=\"1024\" height=\"768\" data-id=\"3648\" src=\"https:\/\/duprecna.com\/wp-content\/uploads\/2026\/01\/054.jpg\" alt=\"\" class=\"wp-image-3648\"\/><\/figure>\n\n\n\n<figure class=\"wp-block-image size-large\"><img loading=\"lazy\" decoding=\"async\" width=\"4000\" height=\"3000\" data-id=\"3649\" src=\"https:\/\/duprecna.com\/wp-content\/uploads\/2026\/01\/1000010878.jpg\" alt=\"\" class=\"wp-image-3649\"\/><\/figure>\n\n\n\n<figure class=\"wp-block-image size-large\"><img loading=\"lazy\" decoding=\"async\" width=\"4000\" height=\"3000\" data-id=\"3650\" src=\"https:\/\/duprecna.com\/wp-content\/uploads\/2026\/01\/1000010881.jpg\" alt=\"\" class=\"wp-image-3650\"\/><\/figure>\n\n\n\n<figure class=\"wp-block-image size-large\"><img loading=\"lazy\" decoding=\"async\" width=\"4000\" height=\"3000\" data-id=\"3651\" src=\"https:\/\/duprecna.com\/wp-content\/uploads\/2026\/01\/1000010887.jpg\" alt=\"\" class=\"wp-image-3651\"\/><\/figure>\n<\/figure>\n","protected":false},"excerpt":{"rendered":"<p>V torek, 20. 1. 2026 je Dru\u0161tvo upokojencev \u010crnomelj izvedlo pohod \u00bbSpoznavajmo Dolenjsko in Belo krajino\u00ab.&nbsp; Zbirno mesto \u017ee 102. pohoda je bilo pred gasilskim domom v Dobli\u010dah pri \u010crnomlju. Po podatkih organizatorjev se je pohoda udele\u017eilo 230 pohodnic in pohodnikov, 7 iz Dru\u0161tva upokojencev Pre\u010dna. Ob prihodu na izhodi\u0161\u010de so organizatorji udele\u017eence pohoda postregli [&hellip;]<\/p>\n","protected":false},"author":2,"featured_media":3636,"comment_status":"open","ping_status":"open","sticky":false,"template":"","format":"standard","meta":{"footnotes":""},"categories":[1],"tags":[],"class_list":["post-3635","post","type-post","status-publish","format-standard","has-post-thumbnail","hentry","category-uncategorized"],"_links":{"self":[{"href":"https:\/\/duprecna.com\/index.php?rest_route=\/wp\/v2\/posts\/3635","targetHints":{"allow":["GET"]}}],"collection":[{"href":"https:\/\/duprecna.com\/index.php?rest_route=\/wp\/v2\/posts"}],"about":[{"href":"https:\/\/duprecna.com\/index.php?rest_route=\/wp\/v2\/types\/post"}],"author":[{"embeddable":true,"href":"https:\/\/duprecna.com\/index.php?rest_route=\/wp\/v2\/users\/2"}],"replies":[{"embeddable":true,"href":"https:\/\/duprecna.com\/index.php?rest_route=%2Fwp%2Fv2%2Fcomments&post=3635"}],"version-history":[{"count":1,"href":"https:\/\/duprecna.com\/index.php?rest_route=\/wp\/v2\/posts\/3635\/revisions"}],"predecessor-version":[{"id":3652,"href":"https:\/\/duprecna.com\/index.php?rest_route=\/wp\/v2\/posts\/3635\/revisions\/3652"}],"wp:featuredmedia":[{"embeddable":true,"href":"https:\/\/duprecna.com\/index.php?rest_route=\/wp\/v2\/media\/3636"}],"wp:attachment":[{"href":"https:\/\/duprecna.com\/index.php?rest_route=%2Fwp%2Fv2%2Fmedia&parent=3635"}],"wp:term":[{"taxonomy":"category","embeddable":true,"href":"https:\/\/duprecna.com\/index.php?rest_route=%2Fwp%2Fv2%2Fcategories&post=3635"},{"taxonomy":"post_tag","embeddable":true,"href":"https:\/\/duprecna.com\/index.php?rest_route=%2Fwp%2Fv2%2Ftags&post=3635"}],"curies":[{"name":"wp","href":"https:\/\/api.w.org\/{rel}","templated":true}]}}