{"id":1509,"date":"2025-02-03T15:42:55","date_gmt":"2025-02-03T14:42:55","guid":{"rendered":"https:\/\/duprecna.com\/?p=1509"},"modified":"2025-03-16T14:35:58","modified_gmt":"2025-03-16T13:35:58","slug":"joza-malnar-praznovala-91-rojstni-dan","status":"publish","type":"post","link":"https:\/\/duprecna.com\/?p=1509","title":{"rendered":"Jo\u017ea Malnar praznovala 91. rojstni dan"},"content":{"rendered":"\n<p>V nedeljo, 02.02.2025 je \u010dlanica dru\u0161tva upokojencev Pre\u010dna, Jo\u017ea Malnar praznovala svoj 91. rojstni dan. Na njenem domu na Suhorju nad Pre\u010dno sta jo obiskala predsednik DU Pre\u010dna Drago Siko\u0161ek in poverjenik za obmo\u010dje Suhor in Kuzarjev kal Alojz Slavko \u017divko.<\/p>\n\n\n\n<p>Slavljenki sta izro\u010dila dru\u0161tveno darilo in ji v svojem imenu in v imenu vseh \u010dlanov dru\u0161tva za\u017eelela vse lepo, predvsem pa trdnega zdravja.<\/p>\n\n\n\n<p>Ob navzo\u010dnosti doma\u010dih in njenih sorodnikov smo nazdravili.<\/p>\n\n\n\n<p>&nbsp;&nbsp;&nbsp;&nbsp;&nbsp;&nbsp;&nbsp;&nbsp;&nbsp;&nbsp;&nbsp;&nbsp;&nbsp;&nbsp;&nbsp;&nbsp;&nbsp;&nbsp;&nbsp;&nbsp;&nbsp;&nbsp;&nbsp;&nbsp;&nbsp;&nbsp;&nbsp;&nbsp;&nbsp;&nbsp;&nbsp;&nbsp;&nbsp;&nbsp;&nbsp;&nbsp;&nbsp;&nbsp;&nbsp;&nbsp;&nbsp;&nbsp;&nbsp;&nbsp;&nbsp;&nbsp;&nbsp;&nbsp;&nbsp;&nbsp;&nbsp;&nbsp;&nbsp;&nbsp;&nbsp;&nbsp;&nbsp;&nbsp;&nbsp;&nbsp;&nbsp;&nbsp;&nbsp;&nbsp;&nbsp;&nbsp;&nbsp;&nbsp;&nbsp;&nbsp;&nbsp;&nbsp;&nbsp;&nbsp;&nbsp;&nbsp;&nbsp;&nbsp;&nbsp;&nbsp;&nbsp;&nbsp;&nbsp;&nbsp;&nbsp;&nbsp;&nbsp;&nbsp;&nbsp;&nbsp; Tekst in slike Drago Siko\u0161ek<\/p>\n\n\n\n<figure class=\"wp-block-gallery has-nested-images columns-default is-cropped wp-block-gallery-1 is-layout-flex wp-block-gallery-is-layout-flex\">\n<figure class=\"wp-block-image size-large\"><img loading=\"lazy\" decoding=\"async\" width=\"1792\" height=\"2219\" data-id=\"1538\" src=\"https:\/\/duprecna.com\/wp-content\/uploads\/2025\/02\/1-3.jpg\" alt=\"\" class=\"wp-image-1538\"\/><\/figure>\n\n\n\n<figure class=\"wp-block-image size-large\"><img loading=\"lazy\" decoding=\"async\" width=\"1800\" height=\"1754\" data-id=\"1536\" src=\"https:\/\/duprecna.com\/wp-content\/uploads\/2025\/02\/2-3.jpg\" alt=\"\" class=\"wp-image-1536\"\/><\/figure>\n<\/figure>\n\n\n\n<figure class=\"wp-block-gallery has-nested-images columns-default is-cropped wp-block-gallery-2 is-layout-flex wp-block-gallery-is-layout-flex\">\n<figure class=\"wp-block-image size-large\"><img loading=\"lazy\" decoding=\"async\" width=\"2862\" height=\"1800\" data-id=\"1544\" src=\"https:\/\/duprecna.com\/wp-content\/uploads\/2025\/02\/20250203_145617-11111111111.jpg\" alt=\"\" class=\"wp-image-1544\"\/><\/figure>\n\n\n\n<figure class=\"wp-block-image size-large\"><img loading=\"lazy\" decoding=\"async\" width=\"5044\" height=\"3448\" data-id=\"1545\" src=\"https:\/\/duprecna.com\/wp-content\/uploads\/2025\/02\/DSC_4602-2222222222-1.jpg\" alt=\"\" class=\"wp-image-1545\"\/><\/figure>\n<\/figure>\n\n\n\n<figure class=\"wp-block-gallery has-nested-images columns-default is-cropped wp-block-gallery-3 is-layout-flex wp-block-gallery-is-layout-flex\"><\/figure>\n","protected":false},"excerpt":{"rendered":"<p>V nedeljo, 02.02.2025 je \u010dlanica dru\u0161tva upokojencev Pre\u010dna, Jo\u017ea Malnar praznovala svoj 91. rojstni dan. Na njenem domu na Suhorju nad Pre\u010dno sta jo obiskala predsednik DU Pre\u010dna Drago Siko\u0161ek in poverjenik za obmo\u010dje Suhor in Kuzarjev kal Alojz Slavko \u017divko. Slavljenki sta izro\u010dila dru\u0161tveno darilo in ji v svojem imenu in v imenu vseh [&hellip;]<\/p>\n","protected":false},"author":2,"featured_media":1516,"comment_status":"open","ping_status":"open","sticky":false,"template":"","format":"standard","meta":{"footnotes":""},"categories":[1],"tags":[],"class_list":["post-1509","post","type-post","status-publish","format-standard","has-post-thumbnail","hentry","category-uncategorized"],"_links":{"self":[{"href":"https:\/\/duprecna.com\/index.php?rest_route=\/wp\/v2\/posts\/1509","targetHints":{"allow":["GET"]}}],"collection":[{"href":"https:\/\/duprecna.com\/index.php?rest_route=\/wp\/v2\/posts"}],"about":[{"href":"https:\/\/duprecna.com\/index.php?rest_route=\/wp\/v2\/types\/post"}],"author":[{"embeddable":true,"href":"https:\/\/duprecna.com\/index.php?rest_route=\/wp\/v2\/users\/2"}],"replies":[{"embeddable":true,"href":"https:\/\/duprecna.com\/index.php?rest_route=%2Fwp%2Fv2%2Fcomments&post=1509"}],"version-history":[{"count":4,"href":"https:\/\/duprecna.com\/index.php?rest_route=\/wp\/v2\/posts\/1509\/revisions"}],"predecessor-version":[{"id":1547,"href":"https:\/\/duprecna.com\/index.php?rest_route=\/wp\/v2\/posts\/1509\/revisions\/1547"}],"wp:featuredmedia":[{"embeddable":true,"href":"https:\/\/duprecna.com\/index.php?rest_route=\/wp\/v2\/media\/1516"}],"wp:attachment":[{"href":"https:\/\/duprecna.com\/index.php?rest_route=%2Fwp%2Fv2%2Fmedia&parent=1509"}],"wp:term":[{"taxonomy":"category","embeddable":true,"href":"https:\/\/duprecna.com\/index.php?rest_route=%2Fwp%2Fv2%2Fcategories&post=1509"},{"taxonomy":"post_tag","embeddable":true,"href":"https:\/\/duprecna.com\/index.php?rest_route=%2Fwp%2Fv2%2Ftags&post=1509"}],"curies":[{"name":"wp","href":"https:\/\/api.w.org\/{rel}","templated":true}]}}